[{"@context":"https:\/\/schema.org\/","@type":"Article","@id":"https:\/\/www.okoil.cz\/zprijemnete-si-stehovani\/#Article","mainEntityOfPage":"https:\/\/www.okoil.cz\/zprijemnete-si-stehovani\/","headline":"Zp\u0159\u00edjemn\u011bte si st\u011bhov\u00e1n\u00ed","name":"Zp\u0159\u00edjemn\u011bte si st\u011bhov\u00e1n\u00ed","description":"St\u011bhov\u00e1n\u00ed se z m\u00edsta na m\u00edsto m\u00edv\u00e1 sv\u00e9 pozitivn\u00ed i naopak stinn\u00e9 str\u00e1nky. A jak u\u017e tomu tak nejednou b\u00fdv\u00e1, vn\u00edm\u00e1 ka\u017ed\u00fd \u010dlov\u011bk takov\u00fd p\u0159esun pon\u011bkud jinak. Z\u00e1le\u017e\u00ed na jeho mentalit\u011b a pochopiteln\u011b i na okolnostech, za jak\u00fdch se st\u011bhuje. Proto\u017ee je nasnad\u011b, \u017ee ne v\u017edy se jedn\u00e1 o naprosto tot\u00e9\u017e, jakkoliv se to vlastn\u011b [&hellip;]","datePublished":"2019-09-11","dateModified":"2023-04-28","author":{"@type":"Person","@id":"https:\/\/www.okoil.cz\/author\/#Person","name":"okoil.cz\n","url":"https:\/\/www.okoil.cz\/author\/","identifier":1,"image":{"@type":"ImageObject","@id":"https:\/\/secure.gravatar.com\/avatar\/f5ad5dcd5c02ecc0fdaf1fe4b2e9a39ad5c5cc2b614885090f6f77b1ccabb3a9?s=96&d=mm&r=g","url":"https:\/\/secure.gravatar.com\/avatar\/f5ad5dcd5c02ecc0fdaf1fe4b2e9a39ad5c5cc2b614885090f6f77b1ccabb3a9?s=96&d=mm&r=g","height":96,"width":96}},"publisher":{"@type":"Organization","name":"okoil.cz","logo":{"@type":"ImageObject","@id":"\/logo.png","url":"\/logo.png","width":600,"height":60}},"image":{"@type":"ImageObject","@id":"https:\/\/www.okoil.cz\/wp-content\/uploads\/img_a365626_w1910_t1578388455.png","url":"https:\/\/www.okoil.cz\/wp-content\/uploads\/img_a365626_w1910_t1578388455.png","height":0,"width":0},"url":"https:\/\/www.okoil.cz\/zprijemnete-si-stehovani\/","about":["Podnik\u00e1n\u00ed"],"wordCount":438,"articleBody":"        St\u011bhov\u00e1n\u00ed se z m\u00edsta na m\u00edsto m\u00edv\u00e1 sv\u00e9 pozitivn\u00ed i naopak stinn\u00e9 str\u00e1nky. A jak u\u017e tomu tak nejednou b\u00fdv\u00e1, vn\u00edm\u00e1 ka\u017ed\u00fd \u010dlov\u011bk takov\u00fd p\u0159esun pon\u011bkud jinak. Z\u00e1le\u017e\u00ed na jeho mentalit\u011b a pochopiteln\u011b i na okolnostech, za jak\u00fdch se st\u011bhuje. Proto\u017ee je nasnad\u011b, \u017ee ne v\u017edy se jedn\u00e1 o naprosto tot\u00e9\u017e, jakkoliv se to vlastn\u011b naz\u00fdv\u00e1 \u00fapln\u011b stejn\u011b. Nejsn\u00e1ze se st\u011bhuje pochopiteln\u011b tomu, kdo nem\u00e1 skoro \u017e\u00e1dn\u00fd majetek a p\u0159esouv\u00e1 se jenom na nevelkou vzd\u00e1lenost. Ten lehce nalo\u017e\u00ed sv\u00e9 v\u011bci do auta, odveze je a je to. Ov\u0161em takov\u00fdch lid\u00ed, jako je ten pr\u00e1v\u011b popsan\u00fd, v na\u0161ich \u0159ad\u00e1ch zrovna moc nen\u00ed. V\u011bt\u0161inou jsme p\u0159ece jenom movit\u011bj\u0161\u00ed, m\u00e1me v\u00edce hmotn\u00fdch statk\u016f a proto z\u00e1konit\u011b i probl\u00e9m\u016f, je\u017e se st\u011bhov\u00e1n\u00edm souvisej\u00ed. Zkuste se jenom rozhl\u00e9dnout po sv\u00e9 m\u00edstnosti, byt\u011b, kancel\u00e1\u0159i, d\u00edln\u011b nebo jin\u00e9 prosto\u0159e ur\u010den\u00e9 k vyklizen\u00ed! To je v\u011bc\u00ed, \u017ee? Jsou tu nejednou i v\u00edce ne\u017e \u010detn\u00e9 mali\u010dkosti, ale i p\u0159edm\u011bty nemal\u00fdch rozm\u011br\u016f, jsou tu v\u011bci pevn\u00e9, ale i k\u0159ehk\u00e9, lehk\u00e9 jako p\u00edrko, ale i po\u0159\u00e1dn\u011b t\u011b\u017ek\u00e9. A to v\u0161e se mus\u00ed p\u0159i takov\u00e9m st\u011bhov\u00e1n\u00ed vz\u00edt do rukou a dostat odsud n\u011bkam jinam. A to d\u00e1 pr\u00e1ci. Pr\u00e1ci, kterou lid\u00e9 vesm\u011bs nevykon\u00e1vaj\u00ed zase a\u017e tak r\u00e1di. I ti, kdo se st\u011bhuj\u00ed jednozna\u010dn\u011b za lep\u0161\u00edm, je\u017e \u010dekaj\u00ed na nov\u00e9m p\u016fsobi\u0161ti v\u011bt\u0161\u00ed a hez\u010d\u00ed prostory v kr\u00e1sn\u011bj\u0161\u00edm okol\u00ed, lep\u0161\u00ed pr\u00e1ce, vy\u0161\u0161\u00ed \u017eivotn\u00ed \u00farove\u0148, p\u0159\u00e1tel\u0161t\u011bj\u0161\u00ed lid\u00e9 a podobn\u011b, by nejednou dali nev\u00edm co za to, kdyby se dalo st\u011bhovat bez st\u011bhov\u00e1n\u00ed. Ale to nejde. A proto mus\u00ed ka\u017ed\u00fd st\u011bhuj\u00edc\u00ed se \u010dlov\u011bk ve\u0161ker\u00e1 \u00faskal\u00ed souvisej\u00edc\u00ed s p\u0159em\u00eds\u0165ov\u00e1n\u00edm majetku n\u011bjak p\u0159etrp\u011bt. Anebo si mus\u00ed zjednat ty nejlep\u0161\u00ed st\u011bhov\u00e1ky, kte\u0159\u00ed mu s t\u00edm v\u00edce ne\u017e vydatn\u011b pomohou.St\u011bhov\u00e1n\u00ed firem Praha m\u016f\u017ee b\u00fdt pr\u00e1v\u011b onou velice v\u00edtanou pomoc\u00ed. Proto\u017ee tady ka\u017ed\u00e9mu pomohou, a to nejl\u00e9pe, jak to jenom jde. Ud\u011blaj\u00ed to, do \u010deho se st\u011bhuj\u00edc\u00edmu se \u010dlov\u011bku nechce, a to kvalitn\u011b a za p\u0159\u00edznivou cenu. A kdo by takovou pomoc\u00ed opovrhnul, \u017ee?                                                                                                                                                                                                                                                                                                                                                                                          4.9\/5 - (7 votes)        "},{"@context":"https:\/\/schema.org\/","@type":"BreadcrumbList","itemListElement":[{"@type":"ListItem","position":1,"name":"Zp\u0159\u00edjemn\u011bte si st\u011bhov\u00e1n\u00ed","item":"https:\/\/www.okoil.cz\/zprijemnete-si-stehovani\/#breadcrumbitem"}]}]