[{"@context":"https:\/\/schema.org\/","@type":"Article","@id":"https:\/\/www.okoil.cz\/vyskove-prace\/#Article","mainEntityOfPage":"https:\/\/www.okoil.cz\/vyskove-prace\/","headline":"V\u00fd\u0161kov\u00e9 pr\u00e1ce","name":"V\u00fd\u0161kov\u00e9 pr\u00e1ce","description":"M\u00e1te probl\u00e9m, kter\u00fd se t\u00fdk\u00e1 m\u00edsta, kam se dob\u0159e nedostanete? Pot\u0159ebujete opravit fas\u00e1du v m\u00edst\u011b kter\u00e9 je vhodn\u011bj\u0161\u00ed pro odborn\u00edka, ne\u017e pro kutila? Netrouf\u00e1te si na tu pr\u00e1ci, proto\u017ee, tam kde to je to je moc vysoko? Tak tady v\u00e1m pom\u016f\u017eeme pr\u00e1v\u011b my! Obra\u0165te se na n\u00e1s. My provedeme ve\u0161ker\u00e9 v\u00fd\u0161kov\u00e9 pr\u00e1ce, na kter\u00e9 va\u0161e [&hellip;]","datePublished":"2025-01-10","dateModified":"2025-01-10","author":{"@type":"Person","@id":"https:\/\/www.okoil.cz\/author\/#Person","name":"okoil.cz\n","url":"https:\/\/www.okoil.cz\/author\/","identifier":1,"image":{"@type":"ImageObject","@id":"https:\/\/secure.gravatar.com\/avatar\/f5ad5dcd5c02ecc0fdaf1fe4b2e9a39ad5c5cc2b614885090f6f77b1ccabb3a9?s=96&d=mm&r=g","url":"https:\/\/secure.gravatar.com\/avatar\/f5ad5dcd5c02ecc0fdaf1fe4b2e9a39ad5c5cc2b614885090f6f77b1ccabb3a9?s=96&d=mm&r=g","height":96,"width":96}},"publisher":{"@type":"Organization","name":"okoil.cz","logo":{"@type":"ImageObject","@id":"\/logo.png","url":"\/logo.png","width":600,"height":60}},"url":"https:\/\/www.okoil.cz\/vyskove-prace\/","wordCount":215,"articleBody":"M\u00e1te probl\u00e9m, kter\u00fd se t\u00fdk\u00e1 m\u00edsta, kam se dob\u0159e nedostanete? Pot\u0159ebujete opravit fas\u00e1du v m\u00edst\u011b kter\u00e9 je vhodn\u011bj\u0161\u00ed pro odborn\u00edka, ne\u017e pro kutila? Netrouf\u00e1te si na tu pr\u00e1ci, proto\u017ee, tam kde to je to je moc vysoko? Tak tady v\u00e1m pom\u016f\u017eeme pr\u00e1v\u011b my!Obra\u0165te se na n\u00e1s. My provedeme ve\u0161ker\u00e9 v\u00fd\u0161kov\u00e9 pr\u00e1ce, na kter\u00e9 va\u0161e \u0161ikovnost ani \u0161ikovnost jin\u00e9 firmy nesta\u010d\u00ed.A\u0165 u\u017e se jedn\u00e1 o rodinn\u00fd d\u016fm, nebo firemn\u00ed halu, v\u0161ude jsou m\u00edsta, kde je ob\u010das pot\u0159eba odborn\u011b zas\u00e1hnout a pokud jste v takov\u00e9 situaci, my v\u00e1m m\u016f\u017eeme pomoci.Prov\u00e1d\u00edme ve\u0161ker\u00e9 v\u00fd\u0161kov\u00e9 pr\u00e1ce, zab\u00fdv\u00e1me se mal\u00ed\u0159skou a nat\u011bra\u010dskou \u010dinnost\u00ed, prov\u00e1d\u00edme stavebn\u00ed pr\u00e1ce a v p\u0159\u00edpad\u011b z\u00e1jmu revize a odborn\u00e9 \u0161kolen\u00ed v tomto oboru.Jsme tu pro to, abychom v\u00e1m pomohliKontakt je snadn\u00fd. Najd\u011bte si ten spr\u00e1vn\u00fd internetov\u00fd odkaz a m\u016f\u017eete na\u0161e slu\u017eby vyu\u017e\u00edt kdekoli a kdykoli. Jsme tu pro to, abychom v\u00e1m pomohli. A pokud pot\u0159ebujete v\u00fd\u0161kov\u00e9 pr\u00e1ce, tak s n\u00e1mi budete \u00fasp\u011b\u0161n\u00ed!                                                                                                                                                                                                                                                                                                                                                                                        4.2\/5 - (4 votes)        "},{"@context":"https:\/\/schema.org\/","@type":"BreadcrumbList","itemListElement":[{"@type":"ListItem","position":1,"name":"V\u00fd\u0161kov\u00e9 pr\u00e1ce","item":"https:\/\/www.okoil.cz\/vyskove-prace\/#breadcrumbitem"}]}]