[{"@context":"https:\/\/schema.org\/","@type":"Article","@id":"https:\/\/www.okoil.cz\/stavba-pod-strechu\/#Article","mainEntityOfPage":"https:\/\/www.okoil.cz\/stavba-pod-strechu\/","headline":"Stavba pod st\u0159echu","name":"Stavba pod st\u0159echu","description":"Hrub\u00e1 stavba je pova\u017eov\u00e1na za dokon\u010denou, kdy na st\u0159e\u0161e le\u017e\u00ed posledn\u00ed ta\u0161ka. Pak se m\u016f\u017eeme bavit o tom, \u017ee m\u00e1te hotovo. Pro\u010d jste se vlastn\u011b rozhodli, \u017ee chcete bydlet ve sv\u00e9m? Z\u00a0mnoha d\u016fvod\u016f. Z\u00a0nedostatku m\u00edsta, z\u00a0nekone\u010dn\u011b otravn\u00fdch ran v\u00fdtahu ve va\u0161em star\u00e9m panel\u00e1ku, kv\u016fli d\u011btem, aby m\u011bli m\u00edsto na hran\u00ed. \u00a0Ka\u017ed\u00fd z\u00a0n\u00e1s m\u00e1 jasn\u00fd d\u016fvod [&hellip;]","datePublished":"2024-01-08","dateModified":"2024-01-08","author":{"@type":"Person","@id":"https:\/\/www.okoil.cz\/author\/#Person","name":"okoil.cz\n","url":"https:\/\/www.okoil.cz\/author\/","identifier":1,"image":{"@type":"ImageObject","@id":"https:\/\/secure.gravatar.com\/avatar\/f5ad5dcd5c02ecc0fdaf1fe4b2e9a39ad5c5cc2b614885090f6f77b1ccabb3a9?s=96&d=mm&r=g","url":"https:\/\/secure.gravatar.com\/avatar\/f5ad5dcd5c02ecc0fdaf1fe4b2e9a39ad5c5cc2b614885090f6f77b1ccabb3a9?s=96&d=mm&r=g","height":96,"width":96}},"publisher":{"@type":"Organization","name":"okoil.cz","logo":{"@type":"ImageObject","@id":"\/logo.png","url":"\/logo.png","width":600,"height":60}},"url":"https:\/\/www.okoil.cz\/stavba-pod-strechu\/","wordCount":250,"articleBody":"Hrub\u00e1 stavba je pova\u017eov\u00e1na za dokon\u010denou, kdy na st\u0159e\u0161e le\u017e\u00ed posledn\u00ed ta\u0161ka. Pak se m\u016f\u017eeme bavit o tom, \u017ee m\u00e1te hotovo. Pro\u010d jste se vlastn\u011b rozhodli, \u017ee chcete bydlet ve sv\u00e9m? Z\u00a0mnoha d\u016fvod\u016f. Z\u00a0nedostatku m\u00edsta, z\u00a0nekone\u010dn\u011b otravn\u00fdch ran v\u00fdtahu ve va\u0161em star\u00e9m panel\u00e1ku, kv\u016fli d\u011btem, aby m\u011bli m\u00edsto na hran\u00ed. \u00a0Ka\u017ed\u00fd z\u00a0n\u00e1s m\u00e1 jasn\u00fd d\u016fvod pro\u010d se rozhodne pro \u017eivotn\u00ed d\u00edlo, alespo\u0148 u v\u011bt\u0161iny to tak je. A\u0165 je to tak, nebo tak je pot\u0159eba ihned od za\u010d\u00e1tku v\u011bd\u011bt, co chceme a jakou cestou se budeme ub\u00edrat! Pracujete-li sv\u00e9pomoc\u00ed, nebo m\u00e1te odbornou firmu, v\u017edy dbejte na precizn\u00ed pr\u00e1ci! V\u017edy\u0165 m\u00e1te za sebou teprve polovinu! Ta druh\u00e1 mus\u00ed b\u00fdt stejn\u011b tak kvalitn\u00ed, jako ta prvn\u00ed! Zkuste se n\u00e1s zeptat, jak to vid\u00edme my! \u0158ekneme v\u00e1m, na jak vysok\u00fd standard prac\u00ed jsme zvykl\u00ed, co je pro n\u00e1s norm\u00e1ln\u00ed, a co v\u00a0\u017e\u00e1dn\u00e9m p\u0159\u00edpad\u011b nehodl\u00e1me akceptovat! P\u0159i osobn\u00edm jedn\u00e1n\u00ed sami p\u0159ijdete na to, \u017ee my jsme ti prav\u00ed, kter\u00fdm se vyplat\u00ed sv\u011b\u0159it va\u0161e d\u00edlo!Nikdo jin\u00fdV\u00e1m nenab\u00eddne tak vynikaj\u00edc\u00ed servis! Od projektov\u00e9 dokumentace, p\u0159es samotnou realizaci a p\u0159esn\u00e9 dodr\u017een\u00ed term\u00edn\u016f, tak to jsme my!                                                                                                                                                                                                                                                                                                                                                                                        3.1\/5 - (7 votes)        "},{"@context":"https:\/\/schema.org\/","@type":"BreadcrumbList","itemListElement":[{"@type":"ListItem","position":1,"name":"Stavba pod st\u0159echu","item":"https:\/\/www.okoil.cz\/stavba-pod-strechu\/#breadcrumbitem"}]}]