[{"@context":"https:\/\/schema.org\/","@type":"Blog","@id":"https:\/\/www.okoil.cz#Blog","headline":"OK oil","description":"\nInternetov\u00fd magaz\u00edn, kter\u00fd v\u00e1m pravideln\u011b nab\u00eddne spoustu zaj\u00edmavost\u00ed, kvalitn\u00edch zpr\u00e1v, ale tak\u00e9 z\u00e1bavn\u00fdch \u010dl\u00e1nk\u016f, u kter\u00fdch si odpo\u010dinete. A pokud budete cht\u00edt, m\u016f\u017eete do n\u011bj p\u0159isp\u011bt i vlastn\u00edm \u010dl\u00e1nkem.","url":"https:\/\/www.okoil.cz","hasPart":[{"@type":"Article","@id":"https:\/\/www.okoil.cz\/nekdy-to-nejde-tak-snadno\/","headline":"N\u011bkdy to nejde tak snadno","url":"https:\/\/www.okoil.cz\/nekdy-to-nejde-tak-snadno\/","datePublished":"2023-04-28","dateModified":"2023-04-28","mainEntityOfPage":"https:\/\/www.okoil.cz\/nekdy-to-nejde-tak-snadno\/","author":{"@type":"Person","@id":"https:\/\/www.okoil.cz\/author\/#Person","name":"okoil.cz\n","url":"https:\/\/www.okoil.cz\/author\/","identifier":1,"image":{"@type":"ImageObject","@id":"https:\/\/secure.gravatar.com\/avatar\/f5ad5dcd5c02ecc0fdaf1fe4b2e9a39ad5c5cc2b614885090f6f77b1ccabb3a9?s=96&d=mm&r=g","url":"https:\/\/secure.gravatar.com\/avatar\/f5ad5dcd5c02ecc0fdaf1fe4b2e9a39ad5c5cc2b614885090f6f77b1ccabb3a9?s=96&d=mm&r=g","height":96,"width":96}},"publisher":{"@type":"Organization","name":"okoil.cz","logo":{"@type":"ImageObject","@id":"\/logo.png","url":"\/logo.png","width":600,"height":60}},"image":null,"wordCount":429,"keywords":null},{"@type":"Article","@id":"https:\/\/www.okoil.cz\/zahradni-turnaje-v-zahrade\/","headline":"Zahradn\u00ed turnaje v zahrad\u011b","url":"https:\/\/www.okoil.cz\/zahradni-turnaje-v-zahrade\/","datePublished":"2023-04-28","dateModified":"2023-04-28","mainEntityOfPage":"https:\/\/www.okoil.cz\/zahradni-turnaje-v-zahrade\/","author":{"@type":"Person","@id":"https:\/\/www.okoil.cz\/author\/#Person","name":"okoil.cz\n","url":"https:\/\/www.okoil.cz\/author\/","identifier":1,"image":{"@type":"ImageObject","@id":"https:\/\/secure.gravatar.com\/avatar\/f5ad5dcd5c02ecc0fdaf1fe4b2e9a39ad5c5cc2b614885090f6f77b1ccabb3a9?s=96&d=mm&r=g","url":"https:\/\/secure.gravatar.com\/avatar\/f5ad5dcd5c02ecc0fdaf1fe4b2e9a39ad5c5cc2b614885090f6f77b1ccabb3a9?s=96&d=mm&r=g","height":96,"width":96}},"publisher":{"@type":"Organization","name":"okoil.cz","logo":{"@type":"ImageObject","@id":"\/logo.png","url":"\/logo.png","width":600,"height":60}},"image":null,"wordCount":433,"keywords":null},{"@type":"Article","@id":"https:\/\/www.okoil.cz\/vanocni-prazdniny-na-bezkach\/","headline":"V\u00e1no\u010dn\u00ed pr\u00e1zdniny na b\u011b\u017ek\u00e1ch","url":"https:\/\/www.okoil.cz\/vanocni-prazdniny-na-bezkach\/","datePublished":"2023-04-28","dateModified":"2023-04-28","mainEntityOfPage":"https:\/\/www.okoil.cz\/vanocni-prazdniny-na-bezkach\/","author":{"@type":"Person","@id":"https:\/\/www.okoil.cz\/author\/#Person","name":"okoil.cz\n","url":"https:\/\/www.okoil.cz\/author\/","identifier":1,"image":{"@type":"ImageObject","@id":"https:\/\/secure.gravatar.com\/avatar\/f5ad5dcd5c02ecc0fdaf1fe4b2e9a39ad5c5cc2b614885090f6f77b1ccabb3a9?s=96&d=mm&r=g","url":"https:\/\/secure.gravatar.com\/avatar\/f5ad5dcd5c02ecc0fdaf1fe4b2e9a39ad5c5cc2b614885090f6f77b1ccabb3a9?s=96&d=mm&r=g","height":96,"width":96}},"publisher":{"@type":"Organization","name":"okoil.cz","logo":{"@type":"ImageObject","@id":"\/logo.png","url":"\/logo.png","width":600,"height":60}},"image":null,"wordCount":466,"keywords":null},{"@type":"Article","@id":"https:\/\/www.okoil.cz\/nejvetsi-sladkovodni-ryba-zije-u-nas\/","headline":"Nejv\u011bt\u0161\u00ed sladkovodn\u00ed ryba \u017eije u n\u00e1s","url":"https:\/\/www.okoil.cz\/nejvetsi-sladkovodni-ryba-zije-u-nas\/","datePublished":"2023-04-28","dateModified":"2023-04-28","mainEntityOfPage":"https:\/\/www.okoil.cz\/nejvetsi-sladkovodni-ryba-zije-u-nas\/","author":{"@type":"Person","@id":"https:\/\/www.okoil.cz\/author\/#Person","name":"okoil.cz\n","url":"https:\/\/www.okoil.cz\/author\/","identifier":1,"image":{"@type":"ImageObject","@id":"https:\/\/secure.gravatar.com\/avatar\/f5ad5dcd5c02ecc0fdaf1fe4b2e9a39ad5c5cc2b614885090f6f77b1ccabb3a9?s=96&d=mm&r=g","url":"https:\/\/secure.gravatar.com\/avatar\/f5ad5dcd5c02ecc0fdaf1fe4b2e9a39ad5c5cc2b614885090f6f77b1ccabb3a9?s=96&d=mm&r=g","height":96,"width":96}},"publisher":{"@type":"Organization","name":"okoil.cz","logo":{"@type":"ImageObject","@id":"\/logo.png","url":"\/logo.png","width":600,"height":60}},"image":null,"wordCount":460,"keywords":null},{"@type":"Article","@id":"https:\/\/www.okoil.cz\/nekdo-nosi-deti-nekdo-hlad\/","headline":"N\u011bkdo nos\u00ed d\u011bti, n\u011bkdo hlad","url":"https:\/\/www.okoil.cz\/nekdo-nosi-deti-nekdo-hlad\/","datePublished":"2023-04-28","dateModified":"2023-04-28","mainEntityOfPage":"https:\/\/www.okoil.cz\/nekdo-nosi-deti-nekdo-hlad\/","author":{"@type":"Person","@id":"https:\/\/www.okoil.cz\/author\/#Person","name":"okoil.cz\n","url":"https:\/\/www.okoil.cz\/author\/","identifier":1,"image":{"@type":"ImageObject","@id":"https:\/\/secure.gravatar.com\/avatar\/f5ad5dcd5c02ecc0fdaf1fe4b2e9a39ad5c5cc2b614885090f6f77b1ccabb3a9?s=96&d=mm&r=g","url":"https:\/\/secure.gravatar.com\/avatar\/f5ad5dcd5c02ecc0fdaf1fe4b2e9a39ad5c5cc2b614885090f6f77b1ccabb3a9?s=96&d=mm&r=g","height":96,"width":96}},"publisher":{"@type":"Organization","name":"okoil.cz","logo":{"@type":"ImageObject","@id":"\/logo.png","url":"\/logo.png","width":600,"height":60}},"image":null,"wordCount":428,"keywords":null},{"@type":"Article","@id":"https:\/\/www.okoil.cz\/vecerni-pisklava-symfonie\/","headline":"Ve\u010dern\u00ed pisklav\u00e1 symfonie","url":"https:\/\/www.okoil.cz\/vecerni-pisklava-symfonie\/","datePublished":"2023-04-28","dateModified":"2023-04-28","mainEntityOfPage":"https:\/\/www.okoil.cz\/vecerni-pisklava-symfonie\/","author":{"@type":"Person","@id":"https:\/\/www.okoil.cz\/author\/#Person","name":"okoil.cz\n","url":"https:\/\/www.okoil.cz\/author\/","identifier":1,"image":{"@type":"ImageObject","@id":"https:\/\/secure.gravatar.com\/avatar\/f5ad5dcd5c02ecc0fdaf1fe4b2e9a39ad5c5cc2b614885090f6f77b1ccabb3a9?s=96&d=mm&r=g","url":"https:\/\/secure.gravatar.com\/avatar\/f5ad5dcd5c02ecc0fdaf1fe4b2e9a39ad5c5cc2b614885090f6f77b1ccabb3a9?s=96&d=mm&r=g","height":96,"width":96}},"publisher":{"@type":"Organization","name":"okoil.cz","logo":{"@type":"ImageObject","@id":"\/logo.png","url":"\/logo.png","width":600,"height":60}},"image":null,"wordCount":470,"keywords":null},{"@type":"Article","@id":"https:\/\/www.okoil.cz\/moto-stany-prakticke-a-pohodlne-reseni-pro-outdoorove-nadsence\/","headline":"Moto stany: Praktick\u00e9 a pohodln\u00e9 \u0159e\u0161en\u00ed pro outdoorov\u00e9 nad\u0161ence","url":"https:\/\/www.okoil.cz\/moto-stany-prakticke-a-pohodlne-reseni-pro-outdoorove-nadsence\/","datePublished":"2023-04-06","dateModified":"2023-05-04","mainEntityOfPage":"https:\/\/www.okoil.cz\/moto-stany-prakticke-a-pohodlne-reseni-pro-outdoorove-nadsence\/","author":{"@type":"Person","@id":"https:\/\/www.okoil.cz\/author\/#Person","name":"okoil.cz\n","url":"https:\/\/www.okoil.cz\/author\/","identifier":1,"image":{"@type":"ImageObject","@id":"https:\/\/secure.gravatar.com\/avatar\/f5ad5dcd5c02ecc0fdaf1fe4b2e9a39ad5c5cc2b614885090f6f77b1ccabb3a9?s=96&d=mm&r=g","url":"https:\/\/secure.gravatar.com\/avatar\/f5ad5dcd5c02ecc0fdaf1fe4b2e9a39ad5c5cc2b614885090f6f77b1ccabb3a9?s=96&d=mm&r=g","height":96,"width":96}},"publisher":{"@type":"Organization","name":"okoil.cz","logo":{"@type":"ImageObject","@id":"\/logo.png","url":"\/logo.png","width":600,"height":60}},"image":{"@type":"ImageObject","@id":"https:\/\/www.okoil.cz\/wp-content\/uploads\/party_stan_WPhCsZ.png","url":"https:\/\/www.okoil.cz\/wp-content\/uploads\/party_stan_WPhCsZ.png","height":0,"width":0},"wordCount":721,"keywords":null},{"@type":"Article","@id":"https:\/\/www.okoil.cz\/pvc-podlahy-v-novem-kabate\/","headline":"PVC podlahy v nov\u00e9m kab\u00e1t\u011b","url":"https:\/\/www.okoil.cz\/pvc-podlahy-v-novem-kabate\/","datePublished":"2023-04-06","dateModified":"2024-04-10","mainEntityOfPage":"https:\/\/www.okoil.cz\/pvc-podlahy-v-novem-kabate\/","author":{"@type":"Person","@id":"https:\/\/www.okoil.cz\/author\/#Person","name":"okoil.cz\n","url":"https:\/\/www.okoil.cz\/author\/","identifier":1,"image":{"@type":"ImageObject","@id":"https:\/\/secure.gravatar.com\/avatar\/f5ad5dcd5c02ecc0fdaf1fe4b2e9a39ad5c5cc2b614885090f6f77b1ccabb3a9?s=96&d=mm&r=g","url":"https:\/\/secure.gravatar.com\/avatar\/f5ad5dcd5c02ecc0fdaf1fe4b2e9a39ad5c5cc2b614885090f6f77b1ccabb3a9?s=96&d=mm&r=g","height":96,"width":96}},"publisher":{"@type":"Organization","name":"okoil.cz","logo":{"@type":"ImageObject","@id":"\/logo.png","url":"\/logo.png","width":600,"height":60}},"image":null,"wordCount":493,"keywords":null},{"@type":"Article","@id":"https:\/\/www.okoil.cz\/odolava-vetru-desti\/","headline":"Odol\u00e1v\u00e1 v\u011btru, de\u0161ti","url":"https:\/\/www.okoil.cz\/odolava-vetru-desti\/","datePublished":"2023-03-01","dateModified":"2024-03-05","mainEntityOfPage":"https:\/\/www.okoil.cz\/odolava-vetru-desti\/","author":{"@type":"Person","@id":"https:\/\/www.okoil.cz\/author\/#Person","name":"okoil.cz\n","url":"https:\/\/www.okoil.cz\/author\/","identifier":1,"image":{"@type":"ImageObject","@id":"https:\/\/secure.gravatar.com\/avatar\/f5ad5dcd5c02ecc0fdaf1fe4b2e9a39ad5c5cc2b614885090f6f77b1ccabb3a9?s=96&d=mm&r=g","url":"https:\/\/secure.gravatar.com\/avatar\/f5ad5dcd5c02ecc0fdaf1fe4b2e9a39ad5c5cc2b614885090f6f77b1ccabb3a9?s=96&d=mm&r=g","height":96,"width":96}},"publisher":{"@type":"Organization","name":"okoil.cz","logo":{"@type":"ImageObject","@id":"\/logo.png","url":"\/logo.png","width":600,"height":60}},"image":null,"wordCount":511,"keywords":null},{"@type":"Article","@id":"https:\/\/www.okoil.cz\/darky-do-domacnosti-ktere-potesi-kazdou-zenu\/","headline":"D\u00e1rky do dom\u00e1cnosti, kter\u00e9 pot\u011b\u0161\u00ed ka\u017edou \u017eenu","url":"https:\/\/www.okoil.cz\/darky-do-domacnosti-ktere-potesi-kazdou-zenu\/","datePublished":"2022-11-21","dateModified":"2023-04-28","mainEntityOfPage":"https:\/\/www.okoil.cz\/darky-do-domacnosti-ktere-potesi-kazdou-zenu\/","author":{"@type":"Person","@id":"https:\/\/www.okoil.cz\/author\/#Person","name":"okoil.cz\n","url":"https:\/\/www.okoil.cz\/author\/","identifier":1,"image":{"@type":"ImageObject","@id":"https:\/\/secure.gravatar.com\/avatar\/f5ad5dcd5c02ecc0fdaf1fe4b2e9a39ad5c5cc2b614885090f6f77b1ccabb3a9?s=96&d=mm&r=g","url":"https:\/\/secure.gravatar.com\/avatar\/f5ad5dcd5c02ecc0fdaf1fe4b2e9a39ad5c5cc2b614885090f6f77b1ccabb3a9?s=96&d=mm&r=g","height":96,"width":96}},"publisher":{"@type":"Organization","name":"okoil.cz","logo":{"@type":"ImageObject","@id":"\/logo.png","url":"\/logo.png","width":600,"height":60}},"image":{"@type":"ImageObject","@id":"https:\/\/www.okoil.cz\/wp-content\/uploads\/ametyst%20sv%C3%ADcen.jpg","url":"https:\/\/www.okoil.cz\/wp-content\/uploads\/ametyst%20sv%C3%ADcen.jpg","height":0,"width":0},"wordCount":601,"keywords":null}]},{"@context":"https:\/\/schema.org","@type":"WebSite","@id":"https:\/\/www.okoil.cz\/#website","name":"OK oil","url":"https:\/\/www.okoil.cz","potentialAction":{"@type":"SearchAction","target":"https:\/\/www.okoil.cz\/?s={search_term_string}","query-input":"required name=search_term_string"}}]