{"@context":"https:\/\/schema.org\/","@type":"CollectionPage","@id":"https:\/\/www.okoil.cz\/nezarazene\/#CollectionPage","headline":"Neza\u0159azen\u00e9 Category","description":"","url":"https:\/\/www.okoil.cz\/nezarazene\/","hasPart":[{"@type":"Article","@id":"https:\/\/www.okoil.cz\/dum-na-klic\/","headline":"D\u016fm na kl\u00ed\u010d","url":"https:\/\/www.okoil.cz\/dum-na-klic\/","datePublished":"2023-06-19","dateModified":"2023-10-23","mainEntityOfPage":"https:\/\/www.okoil.cz\/dum-na-klic\/","author":{"@type":"Person","@id":"https:\/\/www.okoil.cz\/author\/#Person","name":"okoil.cz\n","url":"https:\/\/www.okoil.cz\/author\/","identifier":1,"image":{"@type":"ImageObject","@id":"https:\/\/secure.gravatar.com\/avatar\/f5ad5dcd5c02ecc0fdaf1fe4b2e9a39ad5c5cc2b614885090f6f77b1ccabb3a9?s=96&d=mm&r=g","url":"https:\/\/secure.gravatar.com\/avatar\/f5ad5dcd5c02ecc0fdaf1fe4b2e9a39ad5c5cc2b614885090f6f77b1ccabb3a9?s=96&d=mm&r=g","height":96,"width":96}},"publisher":{"@type":"Organization","name":"okoil.cz","logo":{"@type":"ImageObject","@id":"\/logo.png","url":"\/logo.png","width":600,"height":60}},"image":{"@type":"ImageObject","@id":"https:\/\/www.okoil.cz\/wp-content\/uploads\/home-g6cf0a5e5e_1280.jpg","url":"https:\/\/www.okoil.cz\/wp-content\/uploads\/home-g6cf0a5e5e_1280.jpg","height":0,"width":0},"keywords":null}]}