[{"@context":"https:\/\/schema.org\/","@type":"Article","@id":"https:\/\/www.okoil.cz\/nevsedni-zazitky-z-dovolene-v-chorvatsku-a-cerne-hore\/#Article","mainEntityOfPage":"https:\/\/www.okoil.cz\/nevsedni-zazitky-z-dovolene-v-chorvatsku-a-cerne-hore\/","headline":"Nev\u0161edn\u00ed z\u00e1\u017eitky z dovolen\u00e9 v Chorvatsku a \u010cern\u00e9 Ho\u0159e","name":"Nev\u0161edn\u00ed z\u00e1\u017eitky z dovolen\u00e9 v Chorvatsku a \u010cern\u00e9 Ho\u0159e","description":"M\u00e1te-li p\u0159edstavu o sv\u00e9 dovolen\u00e9 u mo\u0159e, pak v\u00e1m m\u016f\u017eeme doporu\u010dit: je\u010fte s n\u00e1mi do Chorvatska nebo \u010cern\u00e9 Hory. Odvezete si odsud nev\u0161edn\u00ed z\u00e1\u017eitky, na kter\u00e9 budete dlouho a r\u00e1di vzpom\u00ednat. V nab\u00eddce m\u00e1me pobyty v severn\u00ed, st\u0159edn\u00ed a ji\u017en\u00ed Dalm\u00e1cii a v \u010cern\u00e9 Ho\u0159e. Chorvatsko apartm\u00e1ny v\u00e1s nezklamou. Apartm\u00e1ny jsou v\u00fdborn\u011b vybaveny v\u0161\u00edm pot\u0159ebn\u00fdm [&hellip;]","datePublished":"2025-01-04","dateModified":"2025-01-04","author":{"@type":"Person","@id":"https:\/\/www.okoil.cz\/author\/#Person","name":"okoil.cz\n","url":"https:\/\/www.okoil.cz\/author\/","identifier":1,"image":{"@type":"ImageObject","@id":"https:\/\/secure.gravatar.com\/avatar\/f5ad5dcd5c02ecc0fdaf1fe4b2e9a39ad5c5cc2b614885090f6f77b1ccabb3a9?s=96&d=mm&r=g","url":"https:\/\/secure.gravatar.com\/avatar\/f5ad5dcd5c02ecc0fdaf1fe4b2e9a39ad5c5cc2b614885090f6f77b1ccabb3a9?s=96&d=mm&r=g","height":96,"width":96}},"publisher":{"@type":"Organization","name":"okoil.cz","logo":{"@type":"ImageObject","@id":"\/logo.png","url":"\/logo.png","width":600,"height":60}},"url":"https:\/\/www.okoil.cz\/nevsedni-zazitky-z-dovolene-v-chorvatsku-a-cerne-hore\/","wordCount":174,"articleBody":" M\u00e1te-li p\u0159edstavu o sv\u00e9 dovolen\u00e9 u mo\u0159e, pak v\u00e1m m\u016f\u017eeme doporu\u010dit: je\u010fte s n\u00e1mi do Chorvatska nebo \u010cern\u00e9 Hory. Odvezete si odsud nev\u0161edn\u00ed z\u00e1\u017eitky, na kter\u00e9 budete dlouho a r\u00e1di vzpom\u00ednat. V nab\u00eddce m\u00e1me pobyty v severn\u00ed, st\u0159edn\u00ed a ji\u017en\u00ed Dalm\u00e1cii a v \u010cern\u00e9 Ho\u0159e. Chorvatsko apartm\u00e1ny v\u00e1s nezklamou. Apartm\u00e1ny jsou v\u00fdborn\u011b vybaveny v\u0161\u00edm pot\u0159ebn\u00fdm pro v\u00e1\u0161 pobyt u mo\u0159e. Chorvatsko a \u010cern\u00e1 Hora &#8211; l\u00e9to u mo\u0159e Pl\u00e1nujete jet v l\u00e9t\u011b k mo\u0159i? Navrhujeme v\u00e1m jet s n\u00e1mi do Chorvatska a nebo \u010cern\u00e9 Hory. P\u0159ipraveny m\u00e1me apartm\u00e1ny v obou lokalit\u00e1ch. Jsou v t\u011bsn\u00e9 bl\u00edzkosti pob\u0159e\u017e\u00ed Jadersk\u00e9ho mo\u0159e. Pokud si nev\u00edte rady s v\u00fdb\u011brem lokality, kam chcete je, sta\u010d\u00ed nahl\u00e9dnout do katalogu dovolen\u00fdch v Chorvatsku. Chorvatsko apartm\u00e1ny slibuj\u00ed hezkou a p\u0159\u00edjemnou dovolenou pro va\u0161e rodiny.                                                                                                                                                                                                                                                                                                                                                                                                "},{"@context":"https:\/\/schema.org\/","@type":"BreadcrumbList","itemListElement":[{"@type":"ListItem","position":1,"name":"Nev\u0161edn\u00ed z\u00e1\u017eitky z dovolen\u00e9 v Chorvatsku a \u010cern\u00e9 Ho\u0159e","item":"https:\/\/www.okoil.cz\/nevsedni-zazitky-z-dovolene-v-chorvatsku-a-cerne-hore\/#breadcrumbitem"}]}]