[{"@context":"https:\/\/schema.org\/","@type":"Article","@id":"https:\/\/www.okoil.cz\/misto-ke-spani-hraci-prostor-ukladaci-misto-nebo-prostor-pro-praci\/#Article","mainEntityOfPage":"https:\/\/www.okoil.cz\/misto-ke-spani-hraci-prostor-ukladaci-misto-nebo-prostor-pro-praci\/","headline":"M\u00edsto ke span\u00ed, hrac\u00ed prostor, ukl\u00e1dac\u00ed m\u00edsto, nebo prostor pro pr\u00e1ci?","name":"M\u00edsto ke span\u00ed, hrac\u00ed prostor, ukl\u00e1dac\u00ed m\u00edsto, nebo prostor pro pr\u00e1ci?","description":"M\u016f\u017ee se to zd\u00e1t nesmysln\u00e9, ale to nen\u00ed v\u00fdb\u011br z variant. To v\u0161echno toti\u017e m\u016f\u017ee spojovat jedin\u00fd pojem a to Patrov\u00e1 postel. Ano, dne existuj\u00ed i varianty, kter\u00e9 v sob\u011b spojuj\u00ed v p\u0159\u00edpad\u011b pot\u0159eby v\u0161echny uveden\u00e9 atributy. Toto \u0159e\u0161en\u00ed je nej\u017e\u00e1dan\u011bj\u0161\u00ed pr\u00e1v\u011b v t\u011bch nejmen\u0161\u00edch prostor\u00e1ch, kter\u00e9 m\u00e1me pr\u00e1v\u011b k dispozici.A v\u011b\u0159te &#8211; je vhodn\u00e9 [&hellip;]","datePublished":"2024-12-24","dateModified":"2024-12-24","author":{"@type":"Person","@id":"https:\/\/www.okoil.cz\/author\/#Person","name":"okoil.cz\n","url":"https:\/\/www.okoil.cz\/author\/","identifier":1,"image":{"@type":"ImageObject","@id":"https:\/\/secure.gravatar.com\/avatar\/f5ad5dcd5c02ecc0fdaf1fe4b2e9a39ad5c5cc2b614885090f6f77b1ccabb3a9?s=96&d=mm&r=g","url":"https:\/\/secure.gravatar.com\/avatar\/f5ad5dcd5c02ecc0fdaf1fe4b2e9a39ad5c5cc2b614885090f6f77b1ccabb3a9?s=96&d=mm&r=g","height":96,"width":96}},"publisher":{"@type":"Organization","name":"okoil.cz","logo":{"@type":"ImageObject","@id":"\/logo.png","url":"\/logo.png","width":600,"height":60}},"url":"https:\/\/www.okoil.cz\/misto-ke-spani-hraci-prostor-ukladaci-misto-nebo-prostor-pro-praci\/","wordCount":227,"articleBody":"M\u016f\u017ee se to zd\u00e1t nesmysln\u00e9, ale to nen\u00ed v\u00fdb\u011br z variant. To v\u0161echno toti\u017e m\u016f\u017ee spojovat jedin\u00fd pojem a to Patrov\u00e1 postel. Ano, dne existuj\u00ed i varianty, kter\u00e9 v sob\u011b spojuj\u00ed v p\u0159\u00edpad\u011b pot\u0159eby v\u0161echny uveden\u00e9 atributy. Toto \u0159e\u0161en\u00ed je nej\u017e\u00e1dan\u011bj\u0161\u00ed pr\u00e1v\u011b v t\u011bch nejmen\u0161\u00edch prostor\u00e1ch, kter\u00e9 m\u00e1me pr\u00e1v\u011b k dispozici.A v\u011b\u0159te &#8211; je vhodn\u00e9 nejen pro jedin\u00e1\u010dka, ale i v p\u0159\u00edpad\u011b, \u017ee d\u011bt\u00ed je v\u00edce a prostoru st\u00e1le stejn\u011b m\u00e1lo. Ka\u017ed\u00fd potomek tak m\u016f\u017ee m\u00edt nejen m\u00edsto pro span\u00ed, ale z\u00e1rove\u0148 i prostor pro u\u010den\u00ed, \u010detbu a nav\u00edc je\u0161t\u011b \u00falo\u017en\u00e9 prostory alespo\u0148 pro \u010d\u00e1st sv\u00fdch v\u011bc\u00ed.Nejen prakti\u010dnost, ale i vzhledNejen snaha u\u0161et\u0159it m\u00edsto, ale i prakti\u010dnost, dobr\u00e1 ergonometrie a poveden\u00fd design d\u011bl\u00e1 z v\u00edceu\u010delov\u00e9ho v\u00fdrobku n\u011bco, co sice lze ozna\u010dit jako patrov\u00e1 postel, co v\u0161ak je ve skute\u010dnosti takov\u00fd mal\u00fd soukrom\u00fd byte\u010dek, v n\u011bm\u017e va\u0161e ratolest nalezne lo\u017enici, pracovnu, \u0161atnu i ob\u00fdv\u00e1k. A to v\u0161e na p\u016fdorysu o rozm\u011brech klasick\u00e9 postele. Nav\u00edc v modern\u00edch tvarech a modern\u00edm barevn\u00e9m proveden\u00ed.                                                                                                                                                                                                                                                                                                                                                                                        4.3\/5 - (3 votes)        "},{"@context":"https:\/\/schema.org\/","@type":"BreadcrumbList","itemListElement":[{"@type":"ListItem","position":1,"name":"M\u00edsto ke span\u00ed, hrac\u00ed prostor, ukl\u00e1dac\u00ed m\u00edsto, nebo prostor pro pr\u00e1ci?","item":"https:\/\/www.okoil.cz\/misto-ke-spani-hraci-prostor-ukladaci-misto-nebo-prostor-pro-praci\/#breadcrumbitem"}]}]